{"id":3368,"date":"2025-04-04T09:02:09","date_gmt":"2025-04-04T09:02:09","guid":{"rendered":"https:\/\/rwsv.de\/?p=3368"},"modified":"2025-04-04T09:11:38","modified_gmt":"2025-04-04T09:11:38","slug":"elementor-3368","status":"publish","type":"post","link":"https:\/\/rwsv.de\/index.php\/elementor-3368\/","title":{"rendered":"SAVE THE DATE"},"content":{"rendered":"\t\t<div data-elementor-type=\"wp-post\" data-elementor-id=\"3368\" class=\"elementor elementor-3368\">\n\t\t\t\t\t\t<section class=\"elementor-section elementor-top-section elementor-element elementor-element-c997ad3 elementor-section-boxed elementor-section-height-default elementor-section-height-default wpr-particle-no wpr-jarallax-no wpr-parallax-no wpr-sticky-section-no wpr-equal-height-no\" data-id=\"c997ad3\" data-element_type=\"section\" data-e-type=\"section\">\n\t\t\t\t\t\t<div class=\"elementor-container elementor-column-gap-default\">\n\t\t\t\t\t<div class=\"elementor-column elementor-col-100 elementor-top-column elementor-element elementor-element-8c561af\" data-id=\"8c561af\" data-element_type=\"column\" data-e-type=\"column\">\n\t\t\t<div class=\"elementor-widget-wrap elementor-element-populated\">\n\t\t\t\t\t\t<div class=\"elementor-element elementor-element-e70eccb elementor-widget elementor-widget-heading\" data-id=\"e70eccb\" data-element_type=\"widget\" data-e-type=\"widget\" data-widget_type=\"heading.default\">\n\t\t\t\t<div class=\"elementor-widget-container\">\n\t\t\t\t\t<h2 class=\"elementor-heading-title elementor-size-default\">10. Mai 2025 - Ein Fu\u00dfballfest auf der St. Viter Alm <\/h2>\t\t\t\t<\/div>\n\t\t\t\t<\/div>\n\t\t\t\t\t<\/div>\n\t\t<\/div>\n\t\t\t\t\t<\/div>\n\t\t<\/section>\n\t\t\t\t<section class=\"elementor-section elementor-top-section elementor-element elementor-element-929cb65 elementor-section-boxed elementor-section-height-default elementor-section-height-default wpr-particle-no wpr-jarallax-no wpr-parallax-no wpr-sticky-section-no wpr-equal-height-no\" data-id=\"929cb65\" data-element_type=\"section\" data-e-type=\"section\">\n\t\t\t\t\t\t<div class=\"elementor-container elementor-column-gap-default\">\n\t\t\t\t\t<div class=\"elementor-column elementor-col-100 elementor-top-column elementor-element elementor-element-50563c0\" data-id=\"50563c0\" data-element_type=\"column\" data-e-type=\"column\">\n\t\t\t<div class=\"elementor-widget-wrap elementor-element-populated\">\n\t\t\t\t\t\t<div class=\"elementor-element elementor-element-711a28f elementor-widget elementor-widget-heading\" data-id=\"711a28f\" data-element_type=\"widget\" data-e-type=\"widget\" data-widget_type=\"heading.default\">\n\t\t\t\t<div class=\"elementor-widget-container\">\n\t\t\t\t\t<h2 class=\"elementor-heading-title elementor-size-default\">RW St. Vit trifft auf Arminia Bielefelds Legenden<\/h2>\t\t\t\t<\/div>\n\t\t\t\t<\/div>\n\t\t\t\t\t<\/div>\n\t\t<\/div>\n\t\t\t\t\t<\/div>\n\t\t<\/section>\n\t\t\t\t<section class=\"elementor-section elementor-top-section elementor-element elementor-element-bc5ebfd elementor-section-boxed elementor-section-height-default elementor-section-height-default wpr-particle-no wpr-jarallax-no wpr-parallax-no wpr-sticky-section-no wpr-equal-height-no\" data-id=\"bc5ebfd\" data-element_type=\"section\" data-e-type=\"section\">\n\t\t\t\t\t\t<div class=\"elementor-container elementor-column-gap-default\">\n\t\t\t\t\t<div class=\"elementor-column elementor-col-100 elementor-top-column elementor-element elementor-element-3d525f0\" data-id=\"3d525f0\" data-element_type=\"column\" data-e-type=\"column\">\n\t\t\t<div class=\"elementor-widget-wrap elementor-element-populated\">\n\t\t\t\t\t\t<div class=\"elementor-element elementor-element-e90cb42 elementor-widget elementor-widget-image\" data-id=\"e90cb42\" data-element_type=\"widget\" data-e-type=\"widget\" data-widget_type=\"image.default\">\n\t\t\t\t<div class=\"elementor-widget-container\">\n\t\t\t\t\t\t\t\t\t\t\t\t\t\t\t<img fetchpriority=\"high\" decoding=\"async\" width=\"600\" height=\"450\" src=\"https:\/\/rwsv.de\/wp-content\/uploads\/2025\/04\/Arminia-Ball.jpg\" class=\"attachment-medium_large size-medium_large wp-image-3370\" alt=\"\" srcset=\"https:\/\/rwsv.de\/wp-content\/uploads\/2025\/04\/Arminia-Ball.jpg 600w, https:\/\/rwsv.de\/wp-content\/uploads\/2025\/04\/Arminia-Ball-300x225.jpg 300w, https:\/\/rwsv.de\/wp-content\/uploads\/2025\/04\/Arminia-Ball-150x113.jpg 150w\" sizes=\"(max-width: 600px) 100vw, 600px\" \/>\t\t\t\t\t\t\t\t\t\t\t\t\t\t\t<\/div>\n\t\t\t\t<\/div>\n\t\t\t\t\t<\/div>\n\t\t<\/div>\n\t\t\t\t\t<\/div>\n\t\t<\/section>\n\t\t\t\t<section class=\"elementor-section elementor-top-section elementor-element elementor-element-c09ac95 elementor-section-boxed elementor-section-height-default elementor-section-height-default wpr-particle-no wpr-jarallax-no wpr-parallax-no wpr-sticky-section-no wpr-equal-height-no\" data-id=\"c09ac95\" data-element_type=\"section\" data-e-type=\"section\">\n\t\t\t\t\t\t<div class=\"elementor-container elementor-column-gap-default\">\n\t\t\t\t\t<div class=\"elementor-column elementor-col-100 elementor-top-column elementor-element elementor-element-b79ad48\" data-id=\"b79ad48\" data-element_type=\"column\" data-e-type=\"column\">\n\t\t\t<div class=\"elementor-widget-wrap elementor-element-populated\">\n\t\t\t\t\t\t<div class=\"elementor-element elementor-element-a9be5e3 elementor-widget elementor-widget-text-editor\" data-id=\"a9be5e3\" data-element_type=\"widget\" data-e-type=\"widget\" data-widget_type=\"text-editor.default\">\n\t\t\t\t<div class=\"elementor-widget-container\">\n\t\t\t\t\t\t\t\t\t<p>Liebe Freunde des runden Leders,<\/p><p>am <strong>10. Mai 2025<\/strong> erwartet euch ein echtes Highlight auf der ehrw\u00fcrdigen St. Viter Alm: Eine Auswahl unserer besten RW St. Vit-Kicker tritt gegen niemand Geringeren als die <strong>Traditionsmannschaft von Arminia Bielefeld<\/strong> an!<\/p><p>Dank der gro\u00dfartigen Unterst\u00fctzung vom <strong>Autohaus Thiel<\/strong> sowie der <strong>Kreissparkasse Halle-Westfalen<\/strong> ist es uns gelungen, dieses besondere Duell auf die Beine zu stellen.<\/p><p>Mit dabei sind echte Gr\u00f6\u00dfen aus der Bielefelder Fu\u00dfballgeschichte: Freut euch auf <strong>Mathias Hain<\/strong>, den sicheren R\u00fcckhalt zwischen den Pfosten, <strong>Daniel Brinkmann<\/strong>, <strong>Fatmir Vata<\/strong> \u2013 und vielleicht sogar Publikumsliebling <strong>Ansgar Brinkmann<\/strong>, der mit seiner unnachahmlichen Art den Rasen nochmal zum Beben bringen k\u00f6nnte!<\/p><p>Anpfiff ist um <strong>15:00 Uhr<\/strong>, doch der Tag soll nicht nur sportlich, sondern vor allem gesellig werden. F\u00fcr unsere kleinen G\u00e4ste steht eine H\u00fcpfburg bereit, w\u00e4hrend f\u00fcr alle Naschkatzen k\u00f6stliche Kuchenspezialit\u00e4ten locken. Nat\u00fcrlich ist auch f\u00fcr das leibliche Wohl der Gro\u00dfen gesorgt: <strong>Frisch gegrillte Bratw\u00fcrstchen und eiskalte Getr\u00e4nke<\/strong> warten auf euch!<\/p><p>Kommt vorbei, erlebt Fu\u00dfballgeschichte hautnah und genie\u00dft einen unvergesslichen Tag mit Freunden, Familie und jeder Menge Fu\u00dfballspa\u00df.<\/p><p><strong>Wir freuen uns auf euch \u2013 auf zahlreiche Fans, fr\u00f6hliche Gesichter und eine tolle Stimmung auf der St. Viter Alm!<\/strong><\/p>\t\t\t\t\t\t\t\t<\/div>\n\t\t\t\t<\/div>\n\t\t\t\t\t<\/div>\n\t\t<\/div>\n\t\t\t\t\t<\/div>\n\t\t<\/section>\n\t\t\t\t<\/div>\n\t\t","protected":false},"excerpt":{"rendered":"<p>10. Mai 2025 &#8211; Ein Fu\u00dfballfest auf der St. Viter Alm RW St. Vit trifft auf Arminia Bielefelds Legenden Liebe Freunde des runden Leders, am 10. Mai 2025 erwartet euch ein echtes Highlight auf der ehrw\u00fcrdigen St. Viter Alm: Eine Auswahl unserer besten RW St. Vit-Kicker tritt gegen niemand Geringeren als die Traditionsmannschaft von Arminia Bielefeld an! Dank der gro\u00dfartigen Unterst\u00fctzung vom Autohaus Thiel sowie der Kreissparkasse Halle-Westfalen ist es uns gelungen, dieses besondere Duell auf die Beine zu stellen. Mit dabei sind echte Gr\u00f6\u00dfen aus der Bielefelder Fu\u00dfballgeschichte: Freut euch auf Mathias Hain, den sicheren R\u00fcckhalt zwischen den Pfosten, Daniel Brinkmann, Fatmir Vata \u2013 und vielleicht sogar Publikumsliebling Ansgar Brinkmann, der mit seiner unnachahmlichen Art den Rasen nochmal zum Beben bringen k\u00f6nnte! Anpfiff ist um 15:00 Uhr, doch der Tag soll nicht nur sportlich, sondern vor allem gesellig werden. F\u00fcr unsere kleinen G\u00e4ste steht eine H\u00fcpfburg bereit, w\u00e4hrend f\u00fcr alle Naschkatzen k\u00f6stliche Kuchenspezialit\u00e4ten locken. Nat\u00fcrlich ist auch f\u00fcr das leibliche Wohl der Gro\u00dfen gesorgt: Frisch gegrillte Bratw\u00fcrstchen und eiskalte Getr\u00e4nke warten auf euch! Kommt vorbei, erlebt Fu\u00dfballgeschichte hautnah und genie\u00dft einen unvergesslichen Tag mit Freunden, Familie und jeder Menge Fu\u00dfballspa\u00df. Wir freuen uns auf euch \u2013 auf zahlreiche Fans, fr\u00f6hliche Gesichter und eine tolle Stimmung auf der St. Viter Alm!<\/p>\n","protected":false},"author":1,"featured_media":3370,"comment_status":"closed","ping_status":"closed","sticky":false,"template":"","format":"standard","meta":{"site-sidebar-layout":"default","site-content-layout":"","ast-site-content-layout":"default","site-content-style":"default","site-sidebar-style":"default","ast-global-header-display":"","ast-banner-title-visibility":"","ast-main-header-display":"","ast-hfb-above-header-display":"","ast-hfb-below-header-display":"","ast-hfb-mobile-header-display":"","site-post-title":"","ast-breadcrumbs-content":"","ast-featured-img":"","footer-sml-layout":"","theme-transparent-header-meta":"","adv-header-id-meta":"","stick-header-meta":"","header-above-stick-meta":"","header-main-stick-meta":"","header-below-stick-meta":"","astra-migrate-meta-layouts":"default","ast-page-background-enabled":"default","ast-page-background-meta":{"desktop":{"background-color":"","background-image":"","background-repeat":"repeat","background-position":"center center","background-size":"auto","background-attachment":"scroll","background-type":"","background-media":"","overlay-type":"","overlay-color":"","overlay-opacity":"","overlay-gradient":""},"tablet":{"background-color":"","background-image":"","background-repeat":"repeat","background-position":"center center","background-size":"auto","background-attachment":"scroll","background-type":"","background-media":"","overlay-type":"","overlay-color":"","overlay-opacity":"","overlay-gradient":""},"mobile":{"background-color":"","background-image":"","background-repeat":"repeat","background-position":"center center","background-size":"auto","background-attachment":"scroll","background-type":"","background-media":"","overlay-type":"","overlay-color":"","overlay-opacity":"","overlay-gradient":""}},"ast-content-background-meta":{"desktop":{"background-color":"var(--ast-global-color-5)","background-image":"","background-repeat":"repeat","background-position":"center center","background-size":"auto","background-attachment":"scroll","background-type":"","background-media":"","overlay-type":"","overlay-color":"","overlay-opacity":"","overlay-gradient":""},"tablet":{"background-color":"var(--ast-global-color-5)","background-image":"","background-repeat":"repeat","background-position":"center center","background-size":"auto","background-attachment":"scroll","background-type":"","background-media":"","overlay-type":"","overlay-color":"","overlay-opacity":"","overlay-gradient":""},"mobile":{"background-color":"var(--ast-global-color-5)","background-image":"","background-repeat":"repeat","background-position":"center center","background-size":"auto","background-attachment":"scroll","background-type":"","background-media":"","overlay-type":"","overlay-color":"","overlay-opacity":"","overlay-gradient":""}},"footnotes":""},"categories":[5,6],"tags":[59,55,58,56,57],"class_list":["post-3368","post","type-post","status-publish","format-standard","has-post-thumbnail","hentry","category-homepage-news","category-news","tag-10-mai","tag-arminia","tag-fussballfest","tag-legenden","tag-traditionsmannschaft"],"yoast_head":"<!-- This site is optimized with the Yoast SEO plugin v27.5 - https:\/\/yoast.com\/product\/yoast-seo-wordpress\/ -->\n<title>SAVE THE DATE - Rot Weiss St.Vit e.V.<\/title>\n<meta name=\"robots\" content=\"index, follow, max-snippet:-1, max-image-preview:large, max-video-preview:-1\" \/>\n<link rel=\"canonical\" href=\"https:\/\/rwsv.de\/index.php\/elementor-3368\/\" \/>\n<meta property=\"og:locale\" content=\"de_DE\" \/>\n<meta property=\"og:type\" content=\"article\" \/>\n<meta property=\"og:title\" content=\"SAVE THE DATE - Rot Weiss St.Vit e.V.\" \/>\n<meta property=\"og:description\" content=\"10. Mai 2025 &#8211; Ein Fu\u00dfballfest auf der St. Viter Alm RW St. Vit trifft auf Arminia Bielefelds Legenden Liebe Freunde des runden Leders, am 10. Mai 2025 erwartet euch ein echtes Highlight auf der ehrw\u00fcrdigen St. Viter Alm: Eine Auswahl unserer besten RW St. Vit-Kicker tritt gegen niemand Geringeren als die Traditionsmannschaft von Arminia Bielefeld an! Dank der gro\u00dfartigen Unterst\u00fctzung vom Autohaus Thiel sowie der Kreissparkasse Halle-Westfalen ist es uns gelungen, dieses besondere Duell auf die Beine zu stellen. Mit dabei sind echte Gr\u00f6\u00dfen aus der Bielefelder Fu\u00dfballgeschichte: Freut euch auf Mathias Hain, den sicheren R\u00fcckhalt zwischen den Pfosten, Daniel Brinkmann, Fatmir Vata \u2013 und vielleicht sogar Publikumsliebling Ansgar Brinkmann, der mit seiner unnachahmlichen Art den Rasen nochmal zum Beben bringen k\u00f6nnte! Anpfiff ist um 15:00 Uhr, doch der Tag soll nicht nur sportlich, sondern vor allem gesellig werden. F\u00fcr unsere kleinen G\u00e4ste steht eine H\u00fcpfburg bereit, w\u00e4hrend f\u00fcr alle Naschkatzen k\u00f6stliche Kuchenspezialit\u00e4ten locken. Nat\u00fcrlich ist auch f\u00fcr das leibliche Wohl der Gro\u00dfen gesorgt: Frisch gegrillte Bratw\u00fcrstchen und eiskalte Getr\u00e4nke warten auf euch! Kommt vorbei, erlebt Fu\u00dfballgeschichte hautnah und genie\u00dft einen unvergesslichen Tag mit Freunden, Familie und jeder Menge Fu\u00dfballspa\u00df. Wir freuen uns auf euch \u2013 auf zahlreiche Fans, fr\u00f6hliche Gesichter und eine tolle Stimmung auf der St. Viter Alm!\" \/>\n<meta property=\"og:url\" content=\"https:\/\/rwsv.de\/index.php\/elementor-3368\/\" \/>\n<meta property=\"og:site_name\" content=\"Rot Weiss St.Vit e.V.\" \/>\n<meta property=\"article:published_time\" content=\"2025-04-04T09:02:09+00:00\" \/>\n<meta property=\"article:modified_time\" content=\"2025-04-04T09:11:38+00:00\" \/>\n<meta property=\"og:image\" content=\"https:\/\/rwsv.de\/wp-content\/uploads\/2025\/04\/Arminia-Ball.jpg\" \/>\n\t<meta property=\"og:image:width\" content=\"600\" \/>\n\t<meta property=\"og:image:height\" content=\"450\" \/>\n\t<meta property=\"og:image:type\" content=\"image\/jpeg\" \/>\n<meta name=\"author\" content=\"admin\" \/>\n<meta name=\"twitter:card\" content=\"summary_large_image\" \/>\n<meta name=\"twitter:label1\" content=\"Verfasst von\" \/>\n\t<meta name=\"twitter:data1\" content=\"admin\" \/>\n\t<meta name=\"twitter:label2\" content=\"Gesch\u00e4tzte Lesezeit\" \/>\n\t<meta name=\"twitter:data2\" content=\"2\u00a0Minuten\" \/>\n<script type=\"application\/ld+json\" class=\"yoast-schema-graph\">{\"@context\":\"https:\\\/\\\/schema.org\",\"@graph\":[{\"@type\":\"Article\",\"@id\":\"https:\\\/\\\/rwsv.de\\\/index.php\\\/elementor-3368\\\/#article\",\"isPartOf\":{\"@id\":\"https:\\\/\\\/rwsv.de\\\/index.php\\\/elementor-3368\\\/\"},\"author\":{\"name\":\"admin\",\"@id\":\"https:\\\/\\\/rwsv.de\\\/#\\\/schema\\\/person\\\/6ff376bc16deeba92cf9ca9991c1147f\"},\"headline\":\"SAVE THE DATE\",\"datePublished\":\"2025-04-04T09:02:09+00:00\",\"dateModified\":\"2025-04-04T09:11:38+00:00\",\"mainEntityOfPage\":{\"@id\":\"https:\\\/\\\/rwsv.de\\\/index.php\\\/elementor-3368\\\/\"},\"wordCount\":231,\"publisher\":{\"@id\":\"https:\\\/\\\/rwsv.de\\\/#organization\"},\"image\":{\"@id\":\"https:\\\/\\\/rwsv.de\\\/index.php\\\/elementor-3368\\\/#primaryimage\"},\"thumbnailUrl\":\"https:\\\/\\\/rwsv.de\\\/wp-content\\\/uploads\\\/2025\\\/04\\\/Arminia-Ball.jpg\",\"keywords\":[\"10. Mai\",\"Arminia\",\"Fussballfest\",\"Legenden\",\"Traditionsmannschaft\"],\"articleSection\":[\"Homepage News\",\"News\"],\"inLanguage\":\"de\"},{\"@type\":\"WebPage\",\"@id\":\"https:\\\/\\\/rwsv.de\\\/index.php\\\/elementor-3368\\\/\",\"url\":\"https:\\\/\\\/rwsv.de\\\/index.php\\\/elementor-3368\\\/\",\"name\":\"SAVE THE DATE - Rot Weiss St.Vit e.V.\",\"isPartOf\":{\"@id\":\"https:\\\/\\\/rwsv.de\\\/#website\"},\"primaryImageOfPage\":{\"@id\":\"https:\\\/\\\/rwsv.de\\\/index.php\\\/elementor-3368\\\/#primaryimage\"},\"image\":{\"@id\":\"https:\\\/\\\/rwsv.de\\\/index.php\\\/elementor-3368\\\/#primaryimage\"},\"thumbnailUrl\":\"https:\\\/\\\/rwsv.de\\\/wp-content\\\/uploads\\\/2025\\\/04\\\/Arminia-Ball.jpg\",\"datePublished\":\"2025-04-04T09:02:09+00:00\",\"dateModified\":\"2025-04-04T09:11:38+00:00\",\"breadcrumb\":{\"@id\":\"https:\\\/\\\/rwsv.de\\\/index.php\\\/elementor-3368\\\/#breadcrumb\"},\"inLanguage\":\"de\",\"potentialAction\":[{\"@type\":\"ReadAction\",\"target\":[\"https:\\\/\\\/rwsv.de\\\/index.php\\\/elementor-3368\\\/\"]}]},{\"@type\":\"ImageObject\",\"inLanguage\":\"de\",\"@id\":\"https:\\\/\\\/rwsv.de\\\/index.php\\\/elementor-3368\\\/#primaryimage\",\"url\":\"https:\\\/\\\/rwsv.de\\\/wp-content\\\/uploads\\\/2025\\\/04\\\/Arminia-Ball.jpg\",\"contentUrl\":\"https:\\\/\\\/rwsv.de\\\/wp-content\\\/uploads\\\/2025\\\/04\\\/Arminia-Ball.jpg\",\"width\":600,\"height\":450},{\"@type\":\"BreadcrumbList\",\"@id\":\"https:\\\/\\\/rwsv.de\\\/index.php\\\/elementor-3368\\\/#breadcrumb\",\"itemListElement\":[{\"@type\":\"ListItem\",\"position\":1,\"name\":\"Startseite\",\"item\":\"https:\\\/\\\/rwsv.de\\\/\"},{\"@type\":\"ListItem\",\"position\":2,\"name\":\"SAVE THE DATE\"}]},{\"@type\":\"WebSite\",\"@id\":\"https:\\\/\\\/rwsv.de\\\/#website\",\"url\":\"https:\\\/\\\/rwsv.de\\\/\",\"name\":\"Rot Weiss St.Vit e.V.\",\"description\":\"Fu\u00dfballverein\",\"publisher\":{\"@id\":\"https:\\\/\\\/rwsv.de\\\/#organization\"},\"potentialAction\":[{\"@type\":\"SearchAction\",\"target\":{\"@type\":\"EntryPoint\",\"urlTemplate\":\"https:\\\/\\\/rwsv.de\\\/?s={search_term_string}\"},\"query-input\":{\"@type\":\"PropertyValueSpecification\",\"valueRequired\":true,\"valueName\":\"search_term_string\"}}],\"inLanguage\":\"de\"},{\"@type\":\"Organization\",\"@id\":\"https:\\\/\\\/rwsv.de\\\/#organization\",\"name\":\"Rot Weiss St.Vit e.V.\",\"url\":\"https:\\\/\\\/rwsv.de\\\/\",\"logo\":{\"@type\":\"ImageObject\",\"inLanguage\":\"de\",\"@id\":\"https:\\\/\\\/rwsv.de\\\/#\\\/schema\\\/logo\\\/image\\\/\",\"url\":\"https:\\\/\\\/rwsv.de\\\/wp-content\\\/uploads\\\/2022\\\/08\\\/LogoRWSt-removebg-preview.png\",\"contentUrl\":\"https:\\\/\\\/rwsv.de\\\/wp-content\\\/uploads\\\/2022\\\/08\\\/LogoRWSt-removebg-preview.png\",\"width\":468,\"height\":533,\"caption\":\"Rot Weiss St.Vit e.V.\"},\"image\":{\"@id\":\"https:\\\/\\\/rwsv.de\\\/#\\\/schema\\\/logo\\\/image\\\/\"}},{\"@type\":\"Person\",\"@id\":\"https:\\\/\\\/rwsv.de\\\/#\\\/schema\\\/person\\\/6ff376bc16deeba92cf9ca9991c1147f\",\"name\":\"admin\",\"image\":{\"@type\":\"ImageObject\",\"inLanguage\":\"de\",\"@id\":\"https:\\\/\\\/secure.gravatar.com\\\/avatar\\\/d7085873086ddf2beb8bdd39efbc90353533a7cf53d6611be577a91e7484e879?s=96&d=mm&r=g\",\"url\":\"https:\\\/\\\/secure.gravatar.com\\\/avatar\\\/d7085873086ddf2beb8bdd39efbc90353533a7cf53d6611be577a91e7484e879?s=96&d=mm&r=g\",\"contentUrl\":\"https:\\\/\\\/secure.gravatar.com\\\/avatar\\\/d7085873086ddf2beb8bdd39efbc90353533a7cf53d6611be577a91e7484e879?s=96&d=mm&r=g\",\"caption\":\"admin\"},\"sameAs\":[\"https:\\\/\\\/rwsv.de\"],\"url\":\"https:\\\/\\\/rwsv.de\\\/index.php\\\/author\\\/siede\\\/\"}]}<\/script>\n<!-- \/ Yoast SEO plugin. -->","yoast_head_json":{"title":"SAVE THE DATE - Rot Weiss St.Vit e.V.","robots":{"index":"index","follow":"follow","max-snippet":"max-snippet:-1","max-image-preview":"max-image-preview:large","max-video-preview":"max-video-preview:-1"},"canonical":"https:\/\/rwsv.de\/index.php\/elementor-3368\/","og_locale":"de_DE","og_type":"article","og_title":"SAVE THE DATE - Rot Weiss St.Vit e.V.","og_description":"10. Mai 2025 &#8211; Ein Fu\u00dfballfest auf der St. Viter Alm RW St. Vit trifft auf Arminia Bielefelds Legenden Liebe Freunde des runden Leders, am 10. Mai 2025 erwartet euch ein echtes Highlight auf der ehrw\u00fcrdigen St. Viter Alm: Eine Auswahl unserer besten RW St. Vit-Kicker tritt gegen niemand Geringeren als die Traditionsmannschaft von Arminia Bielefeld an! Dank der gro\u00dfartigen Unterst\u00fctzung vom Autohaus Thiel sowie der Kreissparkasse Halle-Westfalen ist es uns gelungen, dieses besondere Duell auf die Beine zu stellen. Mit dabei sind echte Gr\u00f6\u00dfen aus der Bielefelder Fu\u00dfballgeschichte: Freut euch auf Mathias Hain, den sicheren R\u00fcckhalt zwischen den Pfosten, Daniel Brinkmann, Fatmir Vata \u2013 und vielleicht sogar Publikumsliebling Ansgar Brinkmann, der mit seiner unnachahmlichen Art den Rasen nochmal zum Beben bringen k\u00f6nnte! Anpfiff ist um 15:00 Uhr, doch der Tag soll nicht nur sportlich, sondern vor allem gesellig werden. F\u00fcr unsere kleinen G\u00e4ste steht eine H\u00fcpfburg bereit, w\u00e4hrend f\u00fcr alle Naschkatzen k\u00f6stliche Kuchenspezialit\u00e4ten locken. Nat\u00fcrlich ist auch f\u00fcr das leibliche Wohl der Gro\u00dfen gesorgt: Frisch gegrillte Bratw\u00fcrstchen und eiskalte Getr\u00e4nke warten auf euch! Kommt vorbei, erlebt Fu\u00dfballgeschichte hautnah und genie\u00dft einen unvergesslichen Tag mit Freunden, Familie und jeder Menge Fu\u00dfballspa\u00df. Wir freuen uns auf euch \u2013 auf zahlreiche Fans, fr\u00f6hliche Gesichter und eine tolle Stimmung auf der St. Viter Alm!","og_url":"https:\/\/rwsv.de\/index.php\/elementor-3368\/","og_site_name":"Rot Weiss St.Vit e.V.","article_published_time":"2025-04-04T09:02:09+00:00","article_modified_time":"2025-04-04T09:11:38+00:00","og_image":[{"width":600,"height":450,"url":"https:\/\/rwsv.de\/wp-content\/uploads\/2025\/04\/Arminia-Ball.jpg","type":"image\/jpeg"}],"author":"admin","twitter_card":"summary_large_image","twitter_misc":{"Verfasst von":"admin","Gesch\u00e4tzte Lesezeit":"2\u00a0Minuten"},"schema":{"@context":"https:\/\/schema.org","@graph":[{"@type":"Article","@id":"https:\/\/rwsv.de\/index.php\/elementor-3368\/#article","isPartOf":{"@id":"https:\/\/rwsv.de\/index.php\/elementor-3368\/"},"author":{"name":"admin","@id":"https:\/\/rwsv.de\/#\/schema\/person\/6ff376bc16deeba92cf9ca9991c1147f"},"headline":"SAVE THE DATE","datePublished":"2025-04-04T09:02:09+00:00","dateModified":"2025-04-04T09:11:38+00:00","mainEntityOfPage":{"@id":"https:\/\/rwsv.de\/index.php\/elementor-3368\/"},"wordCount":231,"publisher":{"@id":"https:\/\/rwsv.de\/#organization"},"image":{"@id":"https:\/\/rwsv.de\/index.php\/elementor-3368\/#primaryimage"},"thumbnailUrl":"https:\/\/rwsv.de\/wp-content\/uploads\/2025\/04\/Arminia-Ball.jpg","keywords":["10. Mai","Arminia","Fussballfest","Legenden","Traditionsmannschaft"],"articleSection":["Homepage News","News"],"inLanguage":"de"},{"@type":"WebPage","@id":"https:\/\/rwsv.de\/index.php\/elementor-3368\/","url":"https:\/\/rwsv.de\/index.php\/elementor-3368\/","name":"SAVE THE DATE - Rot Weiss St.Vit e.V.","isPartOf":{"@id":"https:\/\/rwsv.de\/#website"},"primaryImageOfPage":{"@id":"https:\/\/rwsv.de\/index.php\/elementor-3368\/#primaryimage"},"image":{"@id":"https:\/\/rwsv.de\/index.php\/elementor-3368\/#primaryimage"},"thumbnailUrl":"https:\/\/rwsv.de\/wp-content\/uploads\/2025\/04\/Arminia-Ball.jpg","datePublished":"2025-04-04T09:02:09+00:00","dateModified":"2025-04-04T09:11:38+00:00","breadcrumb":{"@id":"https:\/\/rwsv.de\/index.php\/elementor-3368\/#breadcrumb"},"inLanguage":"de","potentialAction":[{"@type":"ReadAction","target":["https:\/\/rwsv.de\/index.php\/elementor-3368\/"]}]},{"@type":"ImageObject","inLanguage":"de","@id":"https:\/\/rwsv.de\/index.php\/elementor-3368\/#primaryimage","url":"https:\/\/rwsv.de\/wp-content\/uploads\/2025\/04\/Arminia-Ball.jpg","contentUrl":"https:\/\/rwsv.de\/wp-content\/uploads\/2025\/04\/Arminia-Ball.jpg","width":600,"height":450},{"@type":"BreadcrumbList","@id":"https:\/\/rwsv.de\/index.php\/elementor-3368\/#breadcrumb","itemListElement":[{"@type":"ListItem","position":1,"name":"Startseite","item":"https:\/\/rwsv.de\/"},{"@type":"ListItem","position":2,"name":"SAVE THE DATE"}]},{"@type":"WebSite","@id":"https:\/\/rwsv.de\/#website","url":"https:\/\/rwsv.de\/","name":"Rot Weiss St.Vit e.V.","description":"Fu\u00dfballverein","publisher":{"@id":"https:\/\/rwsv.de\/#organization"},"potentialAction":[{"@type":"SearchAction","target":{"@type":"EntryPoint","urlTemplate":"https:\/\/rwsv.de\/?s={search_term_string}"},"query-input":{"@type":"PropertyValueSpecification","valueRequired":true,"valueName":"search_term_string"}}],"inLanguage":"de"},{"@type":"Organization","@id":"https:\/\/rwsv.de\/#organization","name":"Rot Weiss St.Vit e.V.","url":"https:\/\/rwsv.de\/","logo":{"@type":"ImageObject","inLanguage":"de","@id":"https:\/\/rwsv.de\/#\/schema\/logo\/image\/","url":"https:\/\/rwsv.de\/wp-content\/uploads\/2022\/08\/LogoRWSt-removebg-preview.png","contentUrl":"https:\/\/rwsv.de\/wp-content\/uploads\/2022\/08\/LogoRWSt-removebg-preview.png","width":468,"height":533,"caption":"Rot Weiss St.Vit e.V."},"image":{"@id":"https:\/\/rwsv.de\/#\/schema\/logo\/image\/"}},{"@type":"Person","@id":"https:\/\/rwsv.de\/#\/schema\/person\/6ff376bc16deeba92cf9ca9991c1147f","name":"admin","image":{"@type":"ImageObject","inLanguage":"de","@id":"https:\/\/secure.gravatar.com\/avatar\/d7085873086ddf2beb8bdd39efbc90353533a7cf53d6611be577a91e7484e879?s=96&d=mm&r=g","url":"https:\/\/secure.gravatar.com\/avatar\/d7085873086ddf2beb8bdd39efbc90353533a7cf53d6611be577a91e7484e879?s=96&d=mm&r=g","contentUrl":"https:\/\/secure.gravatar.com\/avatar\/d7085873086ddf2beb8bdd39efbc90353533a7cf53d6611be577a91e7484e879?s=96&d=mm&r=g","caption":"admin"},"sameAs":["https:\/\/rwsv.de"],"url":"https:\/\/rwsv.de\/index.php\/author\/siede\/"}]}},"rttpg_featured_image_url":{"full":["https:\/\/rwsv.de\/wp-content\/uploads\/2025\/04\/Arminia-Ball.jpg",600,450,false],"landscape":["https:\/\/rwsv.de\/wp-content\/uploads\/2025\/04\/Arminia-Ball.jpg",600,450,false],"portraits":["https:\/\/rwsv.de\/wp-content\/uploads\/2025\/04\/Arminia-Ball.jpg",600,450,false],"thumbnail":["https:\/\/rwsv.de\/wp-content\/uploads\/2025\/04\/Arminia-Ball-150x113.jpg",150,113,true],"medium":["https:\/\/rwsv.de\/wp-content\/uploads\/2025\/04\/Arminia-Ball-300x225.jpg",300,225,true],"large":["https:\/\/rwsv.de\/wp-content\/uploads\/2025\/04\/Arminia-Ball.jpg",600,450,false],"1536x1536":["https:\/\/rwsv.de\/wp-content\/uploads\/2025\/04\/Arminia-Ball.jpg",600,450,false],"2048x2048":["https:\/\/rwsv.de\/wp-content\/uploads\/2025\/04\/Arminia-Ball.jpg",600,450,false]},"rttpg_author":{"display_name":"admin","author_link":"https:\/\/rwsv.de\/index.php\/author\/siede\/"},"rttpg_comment":0,"rttpg_category":"<a href=\"https:\/\/rwsv.de\/index.php\/category\/homepage-news\/\" rel=\"category tag\">Homepage News<\/a> <a href=\"https:\/\/rwsv.de\/index.php\/category\/news\/\" rel=\"category tag\">News<\/a>","rttpg_excerpt":"10. Mai 2025 &#8211; Ein Fu\u00dfballfest auf der St. Viter Alm RW St. Vit trifft auf Arminia Bielefelds Legenden Liebe Freunde des runden Leders, am 10. Mai 2025 erwartet euch ein echtes Highlight auf der ehrw\u00fcrdigen St. Viter Alm: Eine Auswahl unserer besten RW St. Vit-Kicker tritt gegen niemand Geringeren als die Traditionsmannschaft von Arminia&hellip;","_links":{"self":[{"href":"https:\/\/rwsv.de\/index.php\/wp-json\/wp\/v2\/posts\/3368","targetHints":{"allow":["GET"]}}],"collection":[{"href":"https:\/\/rwsv.de\/index.php\/wp-json\/wp\/v2\/posts"}],"about":[{"href":"https:\/\/rwsv.de\/index.php\/wp-json\/wp\/v2\/types\/post"}],"author":[{"embeddable":true,"href":"https:\/\/rwsv.de\/index.php\/wp-json\/wp\/v2\/users\/1"}],"replies":[{"embeddable":true,"href":"https:\/\/rwsv.de\/index.php\/wp-json\/wp\/v2\/comments?post=3368"}],"version-history":[{"count":5,"href":"https:\/\/rwsv.de\/index.php\/wp-json\/wp\/v2\/posts\/3368\/revisions"}],"predecessor-version":[{"id":3375,"href":"https:\/\/rwsv.de\/index.php\/wp-json\/wp\/v2\/posts\/3368\/revisions\/3375"}],"wp:featuredmedia":[{"embeddable":true,"href":"https:\/\/rwsv.de\/index.php\/wp-json\/wp\/v2\/media\/3370"}],"wp:attachment":[{"href":"https:\/\/rwsv.de\/index.php\/wp-json\/wp\/v2\/media?parent=3368"}],"wp:term":[{"taxonomy":"category","embeddable":true,"href":"https:\/\/rwsv.de\/index.php\/wp-json\/wp\/v2\/categories?post=3368"},{"taxonomy":"post_tag","embeddable":true,"href":"https:\/\/rwsv.de\/index.php\/wp-json\/wp\/v2\/tags?post=3368"}],"curies":[{"name":"wp","href":"https:\/\/api.w.org\/{rel}","templated":true}]}}