{"id":2461,"date":"2023-06-06T17:52:43","date_gmt":"2023-06-06T17:52:43","guid":{"rendered":"https:\/\/rwsv.de\/?p=2461"},"modified":"2023-06-07T14:59:03","modified_gmt":"2023-06-07T14:59:03","slug":"elementor-2461","status":"publish","type":"post","link":"https:\/\/rwsv.de\/index.php\/elementor-2461\/","title":{"rendered":"Strenge-Cup"},"content":{"rendered":"\t\t<div data-elementor-type=\"wp-post\" data-elementor-id=\"2461\" class=\"elementor elementor-2461\">\n\t\t\t\t\t\t<section class=\"elementor-section elementor-top-section elementor-element elementor-element-6d89360 elementor-section-boxed elementor-section-height-default elementor-section-height-default wpr-particle-no wpr-jarallax-no wpr-parallax-no wpr-sticky-section-no wpr-equal-height-no\" data-id=\"6d89360\" data-element_type=\"section\" data-e-type=\"section\">\n\t\t\t\t\t\t<div class=\"elementor-container elementor-column-gap-default\">\n\t\t\t\t\t<div class=\"elementor-column elementor-col-100 elementor-top-column elementor-element elementor-element-7a4cebd\" data-id=\"7a4cebd\" data-element_type=\"column\" data-e-type=\"column\">\n\t\t\t<div class=\"elementor-widget-wrap elementor-element-populated\">\n\t\t\t\t\t\t<div class=\"elementor-element elementor-element-3c10fed elementor-widget elementor-widget-heading\" data-id=\"3c10fed\" data-element_type=\"widget\" data-e-type=\"widget\" data-widget_type=\"heading.default\">\n\t\t\t\t<div class=\"elementor-widget-container\">\n\t\t\t\t\t<h2 class=\"elementor-heading-title elementor-size-default\">Strenge Cup - Ein Highlight f\u00fcr unsere E-Jugend<\/h2>\t\t\t\t<\/div>\n\t\t\t\t<\/div>\n\t\t\t\t\t<\/div>\n\t\t<\/div>\n\t\t\t\t\t<\/div>\n\t\t<\/section>\n\t\t\t\t<section class=\"elementor-section elementor-top-section elementor-element elementor-element-6f82e81 elementor-section-boxed elementor-section-height-default elementor-section-height-default wpr-particle-no wpr-jarallax-no wpr-parallax-no wpr-sticky-section-no wpr-equal-height-no\" data-id=\"6f82e81\" data-element_type=\"section\" data-e-type=\"section\">\n\t\t\t\t\t\t<div class=\"elementor-container elementor-column-gap-default\">\n\t\t\t\t\t<div class=\"elementor-column elementor-col-50 elementor-top-column elementor-element elementor-element-92e9b79\" data-id=\"92e9b79\" data-element_type=\"column\" data-e-type=\"column\">\n\t\t\t<div class=\"elementor-widget-wrap elementor-element-populated\">\n\t\t\t\t\t\t<div class=\"elementor-element elementor-element-8df0670 elementor-widget elementor-widget-image\" data-id=\"8df0670\" data-element_type=\"widget\" data-e-type=\"widget\" data-widget_type=\"image.default\">\n\t\t\t\t<div class=\"elementor-widget-container\">\n\t\t\t\t\t\t\t\t\t\t\t\t\t\t\t<img fetchpriority=\"high\" decoding=\"async\" width=\"768\" height=\"354\" src=\"https:\/\/rwsv.de\/wp-content\/uploads\/2023\/06\/IMG-20230605-WA0019-768x354.jpg\" class=\"attachment-medium_large size-medium_large wp-image-2460\" alt=\"Einmarsch der Mannschaften\" srcset=\"https:\/\/rwsv.de\/wp-content\/uploads\/2023\/06\/IMG-20230605-WA0019-768x354.jpg 768w, https:\/\/rwsv.de\/wp-content\/uploads\/2023\/06\/IMG-20230605-WA0019-300x138.jpg 300w, https:\/\/rwsv.de\/wp-content\/uploads\/2023\/06\/IMG-20230605-WA0019-1024x473.jpg 1024w, https:\/\/rwsv.de\/wp-content\/uploads\/2023\/06\/IMG-20230605-WA0019-150x69.jpg 150w, https:\/\/rwsv.de\/wp-content\/uploads\/2023\/06\/IMG-20230605-WA0019-1536x709.jpg 1536w, https:\/\/rwsv.de\/wp-content\/uploads\/2023\/06\/IMG-20230605-WA0019.jpg 2048w\" sizes=\"(max-width: 768px) 100vw, 768px\" \/>\t\t\t\t\t\t\t\t\t\t\t\t\t\t\t<\/div>\n\t\t\t\t<\/div>\n\t\t\t\t\t<\/div>\n\t\t<\/div>\n\t\t\t\t<div class=\"elementor-column elementor-col-50 elementor-top-column elementor-element elementor-element-b40f17e\" data-id=\"b40f17e\" data-element_type=\"column\" data-e-type=\"column\">\n\t\t\t<div class=\"elementor-widget-wrap elementor-element-populated\">\n\t\t\t\t\t\t<div class=\"elementor-element elementor-element-6cd92d2 elementor-widget elementor-widget-text-editor\" data-id=\"6cd92d2\" data-element_type=\"widget\" data-e-type=\"widget\" data-widget_type=\"text-editor.default\">\n\t\t\t\t<div class=\"elementor-widget-container\">\n\t\t\t\t\t\t\t\t\t<p>Auch der diesj\u00e4hrige Strenge-Cup in Langenberg hat unserer E-Jugend sehr viel Spa\u00df gemacht und den Zusammenhalt der Mannschaft gest\u00e4rkt. Im Vordergrund stand die Freude, dabei zu sein. Ein tolles Erlebnis f\u00fcr alle Beteiligten.<\/p>\n<p>Danke an das Betreuerteam Maik, Dietmar, Marcel und an den Organisator Jan-Luca, die mal wieder einen tollen Job gemacht haben.<\/p>\t\t\t\t\t\t\t\t<\/div>\n\t\t\t\t<\/div>\n\t\t\t\t\t<\/div>\n\t\t<\/div>\n\t\t\t\t\t<\/div>\n\t\t<\/section>\n\t\t\t\t<section class=\"elementor-section elementor-top-section elementor-element elementor-element-6eba373 elementor-section-boxed elementor-section-height-default elementor-section-height-default wpr-particle-no wpr-jarallax-no wpr-parallax-no wpr-sticky-section-no wpr-equal-height-no\" data-id=\"6eba373\" data-element_type=\"section\" data-e-type=\"section\">\n\t\t\t\t\t\t<div class=\"elementor-container elementor-column-gap-default\">\n\t\t\t\t\t<div class=\"elementor-column elementor-col-100 elementor-top-column elementor-element elementor-element-4334203\" data-id=\"4334203\" data-element_type=\"column\" data-e-type=\"column\">\n\t\t\t<div class=\"elementor-widget-wrap elementor-element-populated\">\n\t\t\t\t\t\t<div class=\"elementor-element elementor-element-ba21c43 elementor-widget elementor-widget-image\" data-id=\"ba21c43\" data-element_type=\"widget\" data-e-type=\"widget\" data-widget_type=\"image.default\">\n\t\t\t\t<div class=\"elementor-widget-container\">\n\t\t\t\t\t\t\t\t\t\t\t\t\t\t\t<img decoding=\"async\" src=\"https:\/\/rwsv.de\/wp-content\/uploads\/2023\/06\/IMG-20230605-WA0015.jpg\" title=\"IMG-20230605-WA0015\" alt=\"Teamgeist\" loading=\"lazy\" \/>\t\t\t\t\t\t\t\t\t\t\t\t\t\t\t<\/div>\n\t\t\t\t<\/div>\n\t\t\t\t\t<\/div>\n\t\t<\/div>\n\t\t\t\t\t<\/div>\n\t\t<\/section>\n\t\t\t\t<\/div>\n\t\t","protected":false},"excerpt":{"rendered":"<p>Strenge Cup &#8211; Ein Highlight f\u00fcr unsere E-Jugend Auch der diesj\u00e4hrige Strenge-Cup in Langenberg hat unserer E-Jugend sehr viel Spa\u00df gemacht und den Zusammenhalt der Mannschaft gest\u00e4rkt. Im Vordergrund stand die Freude, dabei zu sein. Ein tolles Erlebnis f\u00fcr alle Beteiligten. Danke an das Betreuerteam Maik, Dietmar, Marcel und an den Organisator Jan-Luca, die mal wieder einen tollen Job gemacht haben.<\/p>\n","protected":false},"author":1,"featured_media":2459,"comment_status":"closed","ping_status":"closed","sticky":false,"template":"","format":"standard","meta":{"site-sidebar-layout":"default","site-content-layout":"default","ast-site-content-layout":"default","site-content-style":"default","site-sidebar-style":"default","ast-global-header-display":"","ast-banner-title-visibility":"","ast-main-header-display":"","ast-hfb-above-header-display":"","ast-hfb-below-header-display":"","ast-hfb-mobile-header-display":"","site-post-title":"","ast-breadcrumbs-content":"","ast-featured-img":"","footer-sml-layout":"","theme-transparent-header-meta":"default","adv-header-id-meta":"","stick-header-meta":"","header-above-stick-meta":"","header-main-stick-meta":"","header-below-stick-meta":"","astra-migrate-meta-layouts":"default","ast-page-background-enabled":"default","ast-page-background-meta":{"desktop":{"background-color":"","background-image":"","background-repeat":"repeat","background-position":"center center","background-size":"auto","background-attachment":"scroll","background-type":"","background-media":"","overlay-type":"","overlay-color":"","overlay-opacity":"","overlay-gradient":""},"tablet":{"background-color":"","background-image":"","background-repeat":"repeat","background-position":"center center","background-size":"auto","background-attachment":"scroll","background-type":"","background-media":"","overlay-type":"","overlay-color":"","overlay-opacity":"","overlay-gradient":""},"mobile":{"background-color":"","background-image":"","background-repeat":"repeat","background-position":"center center","background-size":"auto","background-attachment":"scroll","background-type":"","background-media":"","overlay-type":"","overlay-color":"","overlay-opacity":"","overlay-gradient":""}},"ast-content-background-meta":{"desktop":{"background-color":"var(--ast-global-color-5)","background-image":"","background-repeat":"repeat","background-position":"center center","background-size":"auto","background-attachment":"scroll","background-type":"","background-media":"","overlay-type":"","overlay-color":"","overlay-opacity":"","overlay-gradient":""},"tablet":{"background-color":"var(--ast-global-color-5)","background-image":"","background-repeat":"repeat","background-position":"center center","background-size":"auto","background-attachment":"scroll","background-type":"","background-media":"","overlay-type":"","overlay-color":"","overlay-opacity":"","overlay-gradient":""},"mobile":{"background-color":"var(--ast-global-color-5)","background-image":"","background-repeat":"repeat","background-position":"center center","background-size":"auto","background-attachment":"scroll","background-type":"","background-media":"","overlay-type":"","overlay-color":"","overlay-opacity":"","overlay-gradient":""}},"footnotes":""},"categories":[5,6],"tags":[25,24,26],"class_list":["post-2461","post","type-post","status-publish","format-standard","has-post-thumbnail","hentry","category-homepage-news","category-news","tag-e-jugend","tag-strenge-cup","tag-veranstaltung"],"yoast_head":"<!-- This site is optimized with the Yoast SEO plugin v27.5 - https:\/\/yoast.com\/product\/yoast-seo-wordpress\/ -->\n<title>Strenge-Cup - Rot Weiss St.Vit e.V.<\/title>\n<meta name=\"robots\" content=\"index, follow, max-snippet:-1, max-image-preview:large, max-video-preview:-1\" \/>\n<link rel=\"canonical\" href=\"https:\/\/rwsv.de\/index.php\/elementor-2461\/\" \/>\n<meta property=\"og:locale\" content=\"de_DE\" \/>\n<meta property=\"og:type\" content=\"article\" \/>\n<meta property=\"og:title\" content=\"Strenge-Cup - Rot Weiss St.Vit e.V.\" \/>\n<meta property=\"og:description\" content=\"Strenge Cup &#8211; Ein Highlight f\u00fcr unsere E-Jugend Auch der diesj\u00e4hrige Strenge-Cup in Langenberg hat unserer E-Jugend sehr viel Spa\u00df gemacht und den Zusammenhalt der Mannschaft gest\u00e4rkt. Im Vordergrund stand die Freude, dabei zu sein. Ein tolles Erlebnis f\u00fcr alle Beteiligten. Danke an das Betreuerteam Maik, Dietmar, Marcel und an den Organisator Jan-Luca, die mal wieder einen tollen Job gemacht haben.\" \/>\n<meta property=\"og:url\" content=\"https:\/\/rwsv.de\/index.php\/elementor-2461\/\" \/>\n<meta property=\"og:site_name\" content=\"Rot Weiss St.Vit e.V.\" \/>\n<meta property=\"article:published_time\" content=\"2023-06-06T17:52:43+00:00\" \/>\n<meta property=\"article:modified_time\" content=\"2023-06-07T14:59:03+00:00\" \/>\n<meta property=\"og:image\" content=\"https:\/\/rwsv.de\/wp-content\/uploads\/2023\/06\/IMG-20230605-WA0011.jpg\" \/>\n\t<meta property=\"og:image:width\" content=\"1615\" \/>\n\t<meta property=\"og:image:height\" content=\"2048\" \/>\n\t<meta property=\"og:image:type\" content=\"image\/jpeg\" \/>\n<meta name=\"author\" content=\"admin\" \/>\n<meta name=\"twitter:card\" content=\"summary_large_image\" \/>\n<meta name=\"twitter:label1\" content=\"Verfasst von\" \/>\n\t<meta name=\"twitter:data1\" content=\"admin\" \/>\n\t<meta name=\"twitter:label2\" content=\"Gesch\u00e4tzte Lesezeit\" \/>\n\t<meta name=\"twitter:data2\" content=\"1\u00a0Minute\" \/>\n<script type=\"application\/ld+json\" class=\"yoast-schema-graph\">{\"@context\":\"https:\\\/\\\/schema.org\",\"@graph\":[{\"@type\":\"Article\",\"@id\":\"https:\\\/\\\/rwsv.de\\\/index.php\\\/elementor-2461\\\/#article\",\"isPartOf\":{\"@id\":\"https:\\\/\\\/rwsv.de\\\/index.php\\\/elementor-2461\\\/\"},\"author\":{\"name\":\"admin\",\"@id\":\"https:\\\/\\\/rwsv.de\\\/#\\\/schema\\\/person\\\/6ff376bc16deeba92cf9ca9991c1147f\"},\"headline\":\"Strenge-Cup\",\"datePublished\":\"2023-06-06T17:52:43+00:00\",\"dateModified\":\"2023-06-07T14:59:03+00:00\",\"mainEntityOfPage\":{\"@id\":\"https:\\\/\\\/rwsv.de\\\/index.php\\\/elementor-2461\\\/\"},\"wordCount\":66,\"publisher\":{\"@id\":\"https:\\\/\\\/rwsv.de\\\/#organization\"},\"image\":{\"@id\":\"https:\\\/\\\/rwsv.de\\\/index.php\\\/elementor-2461\\\/#primaryimage\"},\"thumbnailUrl\":\"https:\\\/\\\/rwsv.de\\\/wp-content\\\/uploads\\\/2023\\\/06\\\/IMG-20230605-WA0011.jpg\",\"keywords\":[\"E-Jugend\",\"Strenge-Cup\",\"Veranstaltung\"],\"articleSection\":[\"Homepage News\",\"News\"],\"inLanguage\":\"de\"},{\"@type\":\"WebPage\",\"@id\":\"https:\\\/\\\/rwsv.de\\\/index.php\\\/elementor-2461\\\/\",\"url\":\"https:\\\/\\\/rwsv.de\\\/index.php\\\/elementor-2461\\\/\",\"name\":\"Strenge-Cup - Rot Weiss St.Vit e.V.\",\"isPartOf\":{\"@id\":\"https:\\\/\\\/rwsv.de\\\/#website\"},\"primaryImageOfPage\":{\"@id\":\"https:\\\/\\\/rwsv.de\\\/index.php\\\/elementor-2461\\\/#primaryimage\"},\"image\":{\"@id\":\"https:\\\/\\\/rwsv.de\\\/index.php\\\/elementor-2461\\\/#primaryimage\"},\"thumbnailUrl\":\"https:\\\/\\\/rwsv.de\\\/wp-content\\\/uploads\\\/2023\\\/06\\\/IMG-20230605-WA0011.jpg\",\"datePublished\":\"2023-06-06T17:52:43+00:00\",\"dateModified\":\"2023-06-07T14:59:03+00:00\",\"breadcrumb\":{\"@id\":\"https:\\\/\\\/rwsv.de\\\/index.php\\\/elementor-2461\\\/#breadcrumb\"},\"inLanguage\":\"de\",\"potentialAction\":[{\"@type\":\"ReadAction\",\"target\":[\"https:\\\/\\\/rwsv.de\\\/index.php\\\/elementor-2461\\\/\"]}]},{\"@type\":\"ImageObject\",\"inLanguage\":\"de\",\"@id\":\"https:\\\/\\\/rwsv.de\\\/index.php\\\/elementor-2461\\\/#primaryimage\",\"url\":\"https:\\\/\\\/rwsv.de\\\/wp-content\\\/uploads\\\/2023\\\/06\\\/IMG-20230605-WA0011.jpg\",\"contentUrl\":\"https:\\\/\\\/rwsv.de\\\/wp-content\\\/uploads\\\/2023\\\/06\\\/IMG-20230605-WA0011.jpg\",\"width\":1615,\"height\":2048},{\"@type\":\"BreadcrumbList\",\"@id\":\"https:\\\/\\\/rwsv.de\\\/index.php\\\/elementor-2461\\\/#breadcrumb\",\"itemListElement\":[{\"@type\":\"ListItem\",\"position\":1,\"name\":\"Startseite\",\"item\":\"https:\\\/\\\/rwsv.de\\\/\"},{\"@type\":\"ListItem\",\"position\":2,\"name\":\"Strenge-Cup\"}]},{\"@type\":\"WebSite\",\"@id\":\"https:\\\/\\\/rwsv.de\\\/#website\",\"url\":\"https:\\\/\\\/rwsv.de\\\/\",\"name\":\"Rot Weiss St.Vit e.V.\",\"description\":\"Fu\u00dfballverein\",\"publisher\":{\"@id\":\"https:\\\/\\\/rwsv.de\\\/#organization\"},\"potentialAction\":[{\"@type\":\"SearchAction\",\"target\":{\"@type\":\"EntryPoint\",\"urlTemplate\":\"https:\\\/\\\/rwsv.de\\\/?s={search_term_string}\"},\"query-input\":{\"@type\":\"PropertyValueSpecification\",\"valueRequired\":true,\"valueName\":\"search_term_string\"}}],\"inLanguage\":\"de\"},{\"@type\":\"Organization\",\"@id\":\"https:\\\/\\\/rwsv.de\\\/#organization\",\"name\":\"Rot Weiss St.Vit e.V.\",\"url\":\"https:\\\/\\\/rwsv.de\\\/\",\"logo\":{\"@type\":\"ImageObject\",\"inLanguage\":\"de\",\"@id\":\"https:\\\/\\\/rwsv.de\\\/#\\\/schema\\\/logo\\\/image\\\/\",\"url\":\"https:\\\/\\\/rwsv.de\\\/wp-content\\\/uploads\\\/2022\\\/08\\\/LogoRWSt-removebg-preview.png\",\"contentUrl\":\"https:\\\/\\\/rwsv.de\\\/wp-content\\\/uploads\\\/2022\\\/08\\\/LogoRWSt-removebg-preview.png\",\"width\":468,\"height\":533,\"caption\":\"Rot Weiss St.Vit e.V.\"},\"image\":{\"@id\":\"https:\\\/\\\/rwsv.de\\\/#\\\/schema\\\/logo\\\/image\\\/\"}},{\"@type\":\"Person\",\"@id\":\"https:\\\/\\\/rwsv.de\\\/#\\\/schema\\\/person\\\/6ff376bc16deeba92cf9ca9991c1147f\",\"name\":\"admin\",\"image\":{\"@type\":\"ImageObject\",\"inLanguage\":\"de\",\"@id\":\"https:\\\/\\\/secure.gravatar.com\\\/avatar\\\/d7085873086ddf2beb8bdd39efbc90353533a7cf53d6611be577a91e7484e879?s=96&d=mm&r=g\",\"url\":\"https:\\\/\\\/secure.gravatar.com\\\/avatar\\\/d7085873086ddf2beb8bdd39efbc90353533a7cf53d6611be577a91e7484e879?s=96&d=mm&r=g\",\"contentUrl\":\"https:\\\/\\\/secure.gravatar.com\\\/avatar\\\/d7085873086ddf2beb8bdd39efbc90353533a7cf53d6611be577a91e7484e879?s=96&d=mm&r=g\",\"caption\":\"admin\"},\"sameAs\":[\"https:\\\/\\\/rwsv.de\"],\"url\":\"https:\\\/\\\/rwsv.de\\\/index.php\\\/author\\\/siede\\\/\"}]}<\/script>\n<!-- \/ Yoast SEO plugin. -->","yoast_head_json":{"title":"Strenge-Cup - Rot Weiss St.Vit e.V.","robots":{"index":"index","follow":"follow","max-snippet":"max-snippet:-1","max-image-preview":"max-image-preview:large","max-video-preview":"max-video-preview:-1"},"canonical":"https:\/\/rwsv.de\/index.php\/elementor-2461\/","og_locale":"de_DE","og_type":"article","og_title":"Strenge-Cup - Rot Weiss St.Vit e.V.","og_description":"Strenge Cup &#8211; Ein Highlight f\u00fcr unsere E-Jugend Auch der diesj\u00e4hrige Strenge-Cup in Langenberg hat unserer E-Jugend sehr viel Spa\u00df gemacht und den Zusammenhalt der Mannschaft gest\u00e4rkt. Im Vordergrund stand die Freude, dabei zu sein. Ein tolles Erlebnis f\u00fcr alle Beteiligten. Danke an das Betreuerteam Maik, Dietmar, Marcel und an den Organisator Jan-Luca, die mal wieder einen tollen Job gemacht haben.","og_url":"https:\/\/rwsv.de\/index.php\/elementor-2461\/","og_site_name":"Rot Weiss St.Vit e.V.","article_published_time":"2023-06-06T17:52:43+00:00","article_modified_time":"2023-06-07T14:59:03+00:00","og_image":[{"width":1615,"height":2048,"url":"https:\/\/rwsv.de\/wp-content\/uploads\/2023\/06\/IMG-20230605-WA0011.jpg","type":"image\/jpeg"}],"author":"admin","twitter_card":"summary_large_image","twitter_misc":{"Verfasst von":"admin","Gesch\u00e4tzte Lesezeit":"1\u00a0Minute"},"schema":{"@context":"https:\/\/schema.org","@graph":[{"@type":"Article","@id":"https:\/\/rwsv.de\/index.php\/elementor-2461\/#article","isPartOf":{"@id":"https:\/\/rwsv.de\/index.php\/elementor-2461\/"},"author":{"name":"admin","@id":"https:\/\/rwsv.de\/#\/schema\/person\/6ff376bc16deeba92cf9ca9991c1147f"},"headline":"Strenge-Cup","datePublished":"2023-06-06T17:52:43+00:00","dateModified":"2023-06-07T14:59:03+00:00","mainEntityOfPage":{"@id":"https:\/\/rwsv.de\/index.php\/elementor-2461\/"},"wordCount":66,"publisher":{"@id":"https:\/\/rwsv.de\/#organization"},"image":{"@id":"https:\/\/rwsv.de\/index.php\/elementor-2461\/#primaryimage"},"thumbnailUrl":"https:\/\/rwsv.de\/wp-content\/uploads\/2023\/06\/IMG-20230605-WA0011.jpg","keywords":["E-Jugend","Strenge-Cup","Veranstaltung"],"articleSection":["Homepage News","News"],"inLanguage":"de"},{"@type":"WebPage","@id":"https:\/\/rwsv.de\/index.php\/elementor-2461\/","url":"https:\/\/rwsv.de\/index.php\/elementor-2461\/","name":"Strenge-Cup - Rot Weiss St.Vit e.V.","isPartOf":{"@id":"https:\/\/rwsv.de\/#website"},"primaryImageOfPage":{"@id":"https:\/\/rwsv.de\/index.php\/elementor-2461\/#primaryimage"},"image":{"@id":"https:\/\/rwsv.de\/index.php\/elementor-2461\/#primaryimage"},"thumbnailUrl":"https:\/\/rwsv.de\/wp-content\/uploads\/2023\/06\/IMG-20230605-WA0011.jpg","datePublished":"2023-06-06T17:52:43+00:00","dateModified":"2023-06-07T14:59:03+00:00","breadcrumb":{"@id":"https:\/\/rwsv.de\/index.php\/elementor-2461\/#breadcrumb"},"inLanguage":"de","potentialAction":[{"@type":"ReadAction","target":["https:\/\/rwsv.de\/index.php\/elementor-2461\/"]}]},{"@type":"ImageObject","inLanguage":"de","@id":"https:\/\/rwsv.de\/index.php\/elementor-2461\/#primaryimage","url":"https:\/\/rwsv.de\/wp-content\/uploads\/2023\/06\/IMG-20230605-WA0011.jpg","contentUrl":"https:\/\/rwsv.de\/wp-content\/uploads\/2023\/06\/IMG-20230605-WA0011.jpg","width":1615,"height":2048},{"@type":"BreadcrumbList","@id":"https:\/\/rwsv.de\/index.php\/elementor-2461\/#breadcrumb","itemListElement":[{"@type":"ListItem","position":1,"name":"Startseite","item":"https:\/\/rwsv.de\/"},{"@type":"ListItem","position":2,"name":"Strenge-Cup"}]},{"@type":"WebSite","@id":"https:\/\/rwsv.de\/#website","url":"https:\/\/rwsv.de\/","name":"Rot Weiss St.Vit e.V.","description":"Fu\u00dfballverein","publisher":{"@id":"https:\/\/rwsv.de\/#organization"},"potentialAction":[{"@type":"SearchAction","target":{"@type":"EntryPoint","urlTemplate":"https:\/\/rwsv.de\/?s={search_term_string}"},"query-input":{"@type":"PropertyValueSpecification","valueRequired":true,"valueName":"search_term_string"}}],"inLanguage":"de"},{"@type":"Organization","@id":"https:\/\/rwsv.de\/#organization","name":"Rot Weiss St.Vit e.V.","url":"https:\/\/rwsv.de\/","logo":{"@type":"ImageObject","inLanguage":"de","@id":"https:\/\/rwsv.de\/#\/schema\/logo\/image\/","url":"https:\/\/rwsv.de\/wp-content\/uploads\/2022\/08\/LogoRWSt-removebg-preview.png","contentUrl":"https:\/\/rwsv.de\/wp-content\/uploads\/2022\/08\/LogoRWSt-removebg-preview.png","width":468,"height":533,"caption":"Rot Weiss St.Vit e.V."},"image":{"@id":"https:\/\/rwsv.de\/#\/schema\/logo\/image\/"}},{"@type":"Person","@id":"https:\/\/rwsv.de\/#\/schema\/person\/6ff376bc16deeba92cf9ca9991c1147f","name":"admin","image":{"@type":"ImageObject","inLanguage":"de","@id":"https:\/\/secure.gravatar.com\/avatar\/d7085873086ddf2beb8bdd39efbc90353533a7cf53d6611be577a91e7484e879?s=96&d=mm&r=g","url":"https:\/\/secure.gravatar.com\/avatar\/d7085873086ddf2beb8bdd39efbc90353533a7cf53d6611be577a91e7484e879?s=96&d=mm&r=g","contentUrl":"https:\/\/secure.gravatar.com\/avatar\/d7085873086ddf2beb8bdd39efbc90353533a7cf53d6611be577a91e7484e879?s=96&d=mm&r=g","caption":"admin"},"sameAs":["https:\/\/rwsv.de"],"url":"https:\/\/rwsv.de\/index.php\/author\/siede\/"}]}},"rttpg_featured_image_url":{"full":["https:\/\/rwsv.de\/wp-content\/uploads\/2023\/06\/IMG-20230605-WA0011.jpg",1615,2048,false],"landscape":["https:\/\/rwsv.de\/wp-content\/uploads\/2023\/06\/IMG-20230605-WA0011.jpg",1615,2048,false],"portraits":["https:\/\/rwsv.de\/wp-content\/uploads\/2023\/06\/IMG-20230605-WA0011.jpg",1615,2048,false],"thumbnail":["https:\/\/rwsv.de\/wp-content\/uploads\/2023\/06\/IMG-20230605-WA0011-118x150.jpg",118,150,true],"medium":["https:\/\/rwsv.de\/wp-content\/uploads\/2023\/06\/IMG-20230605-WA0011-237x300.jpg",237,300,true],"large":["https:\/\/rwsv.de\/wp-content\/uploads\/2023\/06\/IMG-20230605-WA0011-808x1024.jpg",808,1024,true],"1536x1536":["https:\/\/rwsv.de\/wp-content\/uploads\/2023\/06\/IMG-20230605-WA0011-1211x1536.jpg",1211,1536,true],"2048x2048":["https:\/\/rwsv.de\/wp-content\/uploads\/2023\/06\/IMG-20230605-WA0011.jpg",1615,2048,false]},"rttpg_author":{"display_name":"admin","author_link":"https:\/\/rwsv.de\/index.php\/author\/siede\/"},"rttpg_comment":0,"rttpg_category":"<a href=\"https:\/\/rwsv.de\/index.php\/category\/homepage-news\/\" rel=\"category tag\">Homepage News<\/a> <a href=\"https:\/\/rwsv.de\/index.php\/category\/news\/\" rel=\"category tag\">News<\/a>","rttpg_excerpt":"Strenge Cup &#8211; Ein Highlight f\u00fcr unsere E-Jugend Auch der diesj\u00e4hrige Strenge-Cup in Langenberg hat unserer E-Jugend sehr viel Spa\u00df gemacht und den Zusammenhalt der Mannschaft gest\u00e4rkt. Im Vordergrund stand die Freude, dabei zu sein. Ein tolles Erlebnis f\u00fcr alle Beteiligten. Danke an das Betreuerteam Maik, Dietmar, Marcel und an den Organisator Jan-Luca, die mal&hellip;","_links":{"self":[{"href":"https:\/\/rwsv.de\/index.php\/wp-json\/wp\/v2\/posts\/2461","targetHints":{"allow":["GET"]}}],"collection":[{"href":"https:\/\/rwsv.de\/index.php\/wp-json\/wp\/v2\/posts"}],"about":[{"href":"https:\/\/rwsv.de\/index.php\/wp-json\/wp\/v2\/types\/post"}],"author":[{"embeddable":true,"href":"https:\/\/rwsv.de\/index.php\/wp-json\/wp\/v2\/users\/1"}],"replies":[{"embeddable":true,"href":"https:\/\/rwsv.de\/index.php\/wp-json\/wp\/v2\/comments?post=2461"}],"version-history":[{"count":16,"href":"https:\/\/rwsv.de\/index.php\/wp-json\/wp\/v2\/posts\/2461\/revisions"}],"predecessor-version":[{"id":2478,"href":"https:\/\/rwsv.de\/index.php\/wp-json\/wp\/v2\/posts\/2461\/revisions\/2478"}],"wp:featuredmedia":[{"embeddable":true,"href":"https:\/\/rwsv.de\/index.php\/wp-json\/wp\/v2\/media\/2459"}],"wp:attachment":[{"href":"https:\/\/rwsv.de\/index.php\/wp-json\/wp\/v2\/media?parent=2461"}],"wp:term":[{"taxonomy":"category","embeddable":true,"href":"https:\/\/rwsv.de\/index.php\/wp-json\/wp\/v2\/categories?post=2461"},{"taxonomy":"post_tag","embeddable":true,"href":"https:\/\/rwsv.de\/index.php\/wp-json\/wp\/v2\/tags?post=2461"}],"curies":[{"name":"wp","href":"https:\/\/api.w.org\/{rel}","templated":true}]}}