{"id":1873,"date":"2022-09-09T12:45:17","date_gmt":"2022-09-09T12:45:17","guid":{"rendered":"https:\/\/rwsv.de\/?p=1873"},"modified":"2022-09-27T18:54:08","modified_gmt":"2022-09-27T18:54:08","slug":"laufen-und-gutes-tun","status":"publish","type":"post","link":"https:\/\/rwsv.de\/index.php\/laufen-und-gutes-tun\/","title":{"rendered":"Laufen und Gutes tun"},"content":{"rendered":"\t\t<div data-elementor-type=\"wp-post\" data-elementor-id=\"1873\" class=\"elementor elementor-1873\">\n\t\t\t\t\t\t<section class=\"elementor-section elementor-top-section elementor-element elementor-element-7ad9594e elementor-section-boxed elementor-section-height-default elementor-section-height-default wpr-particle-no wpr-jarallax-no wpr-parallax-no wpr-sticky-section-no wpr-equal-height-no\" data-id=\"7ad9594e\" data-element_type=\"section\" data-e-type=\"section\">\n\t\t\t\t\t\t<div class=\"elementor-container elementor-column-gap-default\">\n\t\t\t\t\t<div class=\"elementor-column elementor-col-100 elementor-top-column elementor-element elementor-element-3b40303c\" data-id=\"3b40303c\" data-element_type=\"column\" data-e-type=\"column\">\n\t\t\t<div class=\"elementor-widget-wrap elementor-element-populated\">\n\t\t\t\t\t\t<div class=\"elementor-element elementor-element-448bdda elementor-widget elementor-widget-image\" data-id=\"448bdda\" data-element_type=\"widget\" data-e-type=\"widget\" data-widget_type=\"image.default\">\n\t\t\t\t<div class=\"elementor-widget-container\">\n\t\t\t\t\t\t\t\t\t\t\t\t\t\t\t<img fetchpriority=\"high\" decoding=\"async\" width=\"768\" height=\"1024\" src=\"https:\/\/rwsv.de\/wp-content\/uploads\/2022\/09\/Laeufer-768x1024.jpg\" class=\"attachment-medium_large size-medium_large wp-image-1745\" alt=\"\" srcset=\"https:\/\/rwsv.de\/wp-content\/uploads\/2022\/09\/Laeufer-768x1024.jpg 768w, https:\/\/rwsv.de\/wp-content\/uploads\/2022\/09\/Laeufer-225x300.jpg 225w, https:\/\/rwsv.de\/wp-content\/uploads\/2022\/09\/Laeufer-1152x1536.jpg 1152w, https:\/\/rwsv.de\/wp-content\/uploads\/2022\/09\/Laeufer-1536x2048.jpg 1536w, https:\/\/rwsv.de\/wp-content\/uploads\/2022\/09\/Laeufer-scaled.jpg 1920w\" sizes=\"(max-width: 768px) 100vw, 768px\" \/>\t\t\t\t\t\t\t\t\t\t\t\t\t\t\t<\/div>\n\t\t\t\t<\/div>\n\t\t\t\t<div class=\"elementor-element elementor-element-13d2854 entry-title wpr-title repeater_story_title elementor-widget elementor-widget-heading\" data-id=\"13d2854\" data-element_type=\"widget\" data-e-type=\"widget\" data-widget_type=\"heading.default\">\n\t\t\t\t<div class=\"elementor-widget-container\">\n\t\t\t\t\t<h2 class=\"elementor-heading-title elementor-size-default\">Laufen und Gutes tun<\/h2>\t\t\t\t<\/div>\n\t\t\t\t<\/div>\n\t\t\t\t<div class=\"elementor-element elementor-element-12718ec2 elementor-widget elementor-widget-text-editor\" data-id=\"12718ec2\" data-element_type=\"widget\" data-e-type=\"widget\" data-widget_type=\"text-editor.default\">\n\t\t\t\t<div class=\"elementor-widget-container\">\n\t\t\t\t\t\t\t\t\t<p>03.09.2022: F\u00fcr Rot-Weiss St.Vit nahmen von unserer 1. Mannschaft am diesj\u00e4hrigen Lauf teil: Jonas Hellweg, Jonas Kraskes, Alexander Kr\u00f6ger, Daris Kursim und Christian W\u00f6stemeier<\/p>\t\t\t\t\t\t\t\t<\/div>\n\t\t\t\t<\/div>\n\t\t\t\t<div class=\"elementor-element elementor-element-01b5e45 elementor-widget elementor-widget-text-editor\" data-id=\"01b5e45\" data-element_type=\"widget\" data-e-type=\"widget\" data-widget_type=\"text-editor.default\">\n\t\t\t\t<div class=\"elementor-widget-container\">\n\t\t\t\t\t\t\t\t\t<p>Gudrun Fellmann &#8211; 05.09.2022<\/p>\t\t\t\t\t\t\t\t<\/div>\n\t\t\t\t<\/div>\n\t\t\t\t\t<\/div>\n\t\t<\/div>\n\t\t\t\t\t<\/div>\n\t\t<\/section>\n\t\t\t\t<\/div>\n\t\t","protected":false},"excerpt":{"rendered":"<p>F\u00fcr Rot-Weiss St.Vit nahmen von unserer 1. Mannschaft am diesj\u00e4hrigen Lauf teil&#8230;<\/p>\n","protected":false},"author":1,"featured_media":1745,"comment_status":"closed","ping_status":"closed","sticky":false,"template":"","format":"standard","meta":{"site-sidebar-layout":"default","site-content-layout":"default","ast-site-content-layout":"default","site-content-style":"default","site-sidebar-style":"default","ast-global-header-display":"","ast-banner-title-visibility":"","ast-main-header-display":"","ast-hfb-above-header-display":"","ast-hfb-below-header-display":"","ast-hfb-mobile-header-display":"","site-post-title":"","ast-breadcrumbs-content":"","ast-featured-img":"","footer-sml-layout":"","theme-transparent-header-meta":"default","adv-header-id-meta":"","stick-header-meta":"","header-above-stick-meta":"","header-main-stick-meta":"","header-below-stick-meta":"","astra-migrate-meta-layouts":"default","ast-page-background-enabled":"default","ast-page-background-meta":{"desktop":{"background-color":"","background-image":"","background-repeat":"repeat","background-position":"center center","background-size":"auto","background-attachment":"scroll","background-type":"","background-media":"","overlay-type":"","overlay-color":"","overlay-opacity":"","overlay-gradient":""},"tablet":{"background-color":"","background-image":"","background-repeat":"repeat","background-position":"center center","background-size":"auto","background-attachment":"scroll","background-type":"","background-media":"","overlay-type":"","overlay-color":"","overlay-opacity":"","overlay-gradient":""},"mobile":{"background-color":"","background-image":"","background-repeat":"repeat","background-position":"center center","background-size":"auto","background-attachment":"scroll","background-type":"","background-media":"","overlay-type":"","overlay-color":"","overlay-opacity":"","overlay-gradient":""}},"ast-content-background-meta":{"desktop":{"background-color":"var(--ast-global-color-5)","background-image":"","background-repeat":"repeat","background-position":"center center","background-size":"auto","background-attachment":"scroll","background-type":"","background-media":"","overlay-type":"","overlay-color":"","overlay-opacity":"","overlay-gradient":""},"tablet":{"background-color":"var(--ast-global-color-5)","background-image":"","background-repeat":"repeat","background-position":"center center","background-size":"auto","background-attachment":"scroll","background-type":"","background-media":"","overlay-type":"","overlay-color":"","overlay-opacity":"","overlay-gradient":""},"mobile":{"background-color":"var(--ast-global-color-5)","background-image":"","background-repeat":"repeat","background-position":"center center","background-size":"auto","background-attachment":"scroll","background-type":"","background-media":"","overlay-type":"","overlay-color":"","overlay-opacity":"","overlay-gradient":""}},"footnotes":""},"categories":[5,6],"tags":[],"class_list":["post-1873","post","type-post","status-publish","format-standard","has-post-thumbnail","hentry","category-homepage-news","category-news"],"yoast_head":"<!-- This site is optimized with the Yoast SEO plugin v27.4 - https:\/\/yoast.com\/product\/yoast-seo-wordpress\/ -->\n<title>Laufen und Gutes tun - Rot Weiss St.Vit e.V.<\/title>\n<meta name=\"robots\" content=\"index, follow, max-snippet:-1, max-image-preview:large, max-video-preview:-1\" \/>\n<link rel=\"canonical\" href=\"https:\/\/rwsv.de\/index.php\/laufen-und-gutes-tun\/\" \/>\n<meta property=\"og:locale\" content=\"de_DE\" \/>\n<meta property=\"og:type\" content=\"article\" \/>\n<meta property=\"og:title\" content=\"Laufen und Gutes tun - Rot Weiss St.Vit e.V.\" \/>\n<meta property=\"og:description\" content=\"F\u00fcr Rot-Weiss St.Vit nahmen von unserer 1. Mannschaft am diesj\u00e4hrigen Lauf teil...\" \/>\n<meta property=\"og:url\" content=\"https:\/\/rwsv.de\/index.php\/laufen-und-gutes-tun\/\" \/>\n<meta property=\"og:site_name\" content=\"Rot Weiss St.Vit e.V.\" \/>\n<meta property=\"article:published_time\" content=\"2022-09-09T12:45:17+00:00\" \/>\n<meta property=\"article:modified_time\" content=\"2022-09-27T18:54:08+00:00\" \/>\n<meta property=\"og:image\" content=\"https:\/\/rwsv.de\/wp-content\/uploads\/2022\/09\/Laeufer-scaled.jpg\" \/>\n\t<meta property=\"og:image:width\" content=\"1920\" \/>\n\t<meta property=\"og:image:height\" content=\"2560\" \/>\n\t<meta property=\"og:image:type\" content=\"image\/jpeg\" \/>\n<meta name=\"author\" content=\"admin\" \/>\n<meta name=\"twitter:card\" content=\"summary_large_image\" \/>\n<meta name=\"twitter:label1\" content=\"Verfasst von\" \/>\n\t<meta name=\"twitter:data1\" content=\"admin\" \/>\n\t<meta name=\"twitter:label2\" content=\"Gesch\u00e4tzte Lesezeit\" \/>\n\t<meta name=\"twitter:data2\" content=\"1\u00a0Minute\" \/>\n<script type=\"application\/ld+json\" class=\"yoast-schema-graph\">{\"@context\":\"https:\\\/\\\/schema.org\",\"@graph\":[{\"@type\":\"Article\",\"@id\":\"https:\\\/\\\/rwsv.de\\\/index.php\\\/laufen-und-gutes-tun\\\/#article\",\"isPartOf\":{\"@id\":\"https:\\\/\\\/rwsv.de\\\/index.php\\\/laufen-und-gutes-tun\\\/\"},\"author\":{\"name\":\"admin\",\"@id\":\"https:\\\/\\\/rwsv.de\\\/#\\\/schema\\\/person\\\/6ff376bc16deeba92cf9ca9991c1147f\"},\"headline\":\"Laufen und Gutes tun\",\"datePublished\":\"2022-09-09T12:45:17+00:00\",\"dateModified\":\"2022-09-27T18:54:08+00:00\",\"mainEntityOfPage\":{\"@id\":\"https:\\\/\\\/rwsv.de\\\/index.php\\\/laufen-und-gutes-tun\\\/\"},\"wordCount\":38,\"publisher\":{\"@id\":\"https:\\\/\\\/rwsv.de\\\/#organization\"},\"image\":{\"@id\":\"https:\\\/\\\/rwsv.de\\\/index.php\\\/laufen-und-gutes-tun\\\/#primaryimage\"},\"thumbnailUrl\":\"https:\\\/\\\/rwsv.de\\\/wp-content\\\/uploads\\\/2022\\\/09\\\/Laeufer-scaled.jpg\",\"articleSection\":[\"Homepage News\",\"News\"],\"inLanguage\":\"de\"},{\"@type\":\"WebPage\",\"@id\":\"https:\\\/\\\/rwsv.de\\\/index.php\\\/laufen-und-gutes-tun\\\/\",\"url\":\"https:\\\/\\\/rwsv.de\\\/index.php\\\/laufen-und-gutes-tun\\\/\",\"name\":\"Laufen und Gutes tun - Rot Weiss St.Vit e.V.\",\"isPartOf\":{\"@id\":\"https:\\\/\\\/rwsv.de\\\/#website\"},\"primaryImageOfPage\":{\"@id\":\"https:\\\/\\\/rwsv.de\\\/index.php\\\/laufen-und-gutes-tun\\\/#primaryimage\"},\"image\":{\"@id\":\"https:\\\/\\\/rwsv.de\\\/index.php\\\/laufen-und-gutes-tun\\\/#primaryimage\"},\"thumbnailUrl\":\"https:\\\/\\\/rwsv.de\\\/wp-content\\\/uploads\\\/2022\\\/09\\\/Laeufer-scaled.jpg\",\"datePublished\":\"2022-09-09T12:45:17+00:00\",\"dateModified\":\"2022-09-27T18:54:08+00:00\",\"breadcrumb\":{\"@id\":\"https:\\\/\\\/rwsv.de\\\/index.php\\\/laufen-und-gutes-tun\\\/#breadcrumb\"},\"inLanguage\":\"de\",\"potentialAction\":[{\"@type\":\"ReadAction\",\"target\":[\"https:\\\/\\\/rwsv.de\\\/index.php\\\/laufen-und-gutes-tun\\\/\"]}]},{\"@type\":\"ImageObject\",\"inLanguage\":\"de\",\"@id\":\"https:\\\/\\\/rwsv.de\\\/index.php\\\/laufen-und-gutes-tun\\\/#primaryimage\",\"url\":\"https:\\\/\\\/rwsv.de\\\/wp-content\\\/uploads\\\/2022\\\/09\\\/Laeufer-scaled.jpg\",\"contentUrl\":\"https:\\\/\\\/rwsv.de\\\/wp-content\\\/uploads\\\/2022\\\/09\\\/Laeufer-scaled.jpg\",\"width\":1920,\"height\":2560,\"caption\":\"Die L\u00e4ufer der 1. Mannschaft\"},{\"@type\":\"BreadcrumbList\",\"@id\":\"https:\\\/\\\/rwsv.de\\\/index.php\\\/laufen-und-gutes-tun\\\/#breadcrumb\",\"itemListElement\":[{\"@type\":\"ListItem\",\"position\":1,\"name\":\"Startseite\",\"item\":\"https:\\\/\\\/rwsv.de\\\/\"},{\"@type\":\"ListItem\",\"position\":2,\"name\":\"Laufen und Gutes tun\"}]},{\"@type\":\"WebSite\",\"@id\":\"https:\\\/\\\/rwsv.de\\\/#website\",\"url\":\"https:\\\/\\\/rwsv.de\\\/\",\"name\":\"Rot Weiss St.Vit e.V.\",\"description\":\"Fu\u00dfballverein\",\"publisher\":{\"@id\":\"https:\\\/\\\/rwsv.de\\\/#organization\"},\"potentialAction\":[{\"@type\":\"SearchAction\",\"target\":{\"@type\":\"EntryPoint\",\"urlTemplate\":\"https:\\\/\\\/rwsv.de\\\/?s={search_term_string}\"},\"query-input\":{\"@type\":\"PropertyValueSpecification\",\"valueRequired\":true,\"valueName\":\"search_term_string\"}}],\"inLanguage\":\"de\"},{\"@type\":\"Organization\",\"@id\":\"https:\\\/\\\/rwsv.de\\\/#organization\",\"name\":\"Rot Weiss St.Vit e.V.\",\"url\":\"https:\\\/\\\/rwsv.de\\\/\",\"logo\":{\"@type\":\"ImageObject\",\"inLanguage\":\"de\",\"@id\":\"https:\\\/\\\/rwsv.de\\\/#\\\/schema\\\/logo\\\/image\\\/\",\"url\":\"https:\\\/\\\/rwsv.de\\\/wp-content\\\/uploads\\\/2022\\\/08\\\/LogoRWSt-removebg-preview.png\",\"contentUrl\":\"https:\\\/\\\/rwsv.de\\\/wp-content\\\/uploads\\\/2022\\\/08\\\/LogoRWSt-removebg-preview.png\",\"width\":468,\"height\":533,\"caption\":\"Rot Weiss St.Vit e.V.\"},\"image\":{\"@id\":\"https:\\\/\\\/rwsv.de\\\/#\\\/schema\\\/logo\\\/image\\\/\"}},{\"@type\":\"Person\",\"@id\":\"https:\\\/\\\/rwsv.de\\\/#\\\/schema\\\/person\\\/6ff376bc16deeba92cf9ca9991c1147f\",\"name\":\"admin\",\"image\":{\"@type\":\"ImageObject\",\"inLanguage\":\"de\",\"@id\":\"https:\\\/\\\/secure.gravatar.com\\\/avatar\\\/d7085873086ddf2beb8bdd39efbc90353533a7cf53d6611be577a91e7484e879?s=96&d=mm&r=g\",\"url\":\"https:\\\/\\\/secure.gravatar.com\\\/avatar\\\/d7085873086ddf2beb8bdd39efbc90353533a7cf53d6611be577a91e7484e879?s=96&d=mm&r=g\",\"contentUrl\":\"https:\\\/\\\/secure.gravatar.com\\\/avatar\\\/d7085873086ddf2beb8bdd39efbc90353533a7cf53d6611be577a91e7484e879?s=96&d=mm&r=g\",\"caption\":\"admin\"},\"sameAs\":[\"https:\\\/\\\/rwsv.de\"],\"url\":\"https:\\\/\\\/rwsv.de\\\/index.php\\\/author\\\/siede\\\/\"}]}<\/script>\n<!-- \/ Yoast SEO plugin. -->","yoast_head_json":{"title":"Laufen und Gutes tun - Rot Weiss St.Vit e.V.","robots":{"index":"index","follow":"follow","max-snippet":"max-snippet:-1","max-image-preview":"max-image-preview:large","max-video-preview":"max-video-preview:-1"},"canonical":"https:\/\/rwsv.de\/index.php\/laufen-und-gutes-tun\/","og_locale":"de_DE","og_type":"article","og_title":"Laufen und Gutes tun - Rot Weiss St.Vit e.V.","og_description":"F\u00fcr Rot-Weiss St.Vit nahmen von unserer 1. Mannschaft am diesj\u00e4hrigen Lauf teil...","og_url":"https:\/\/rwsv.de\/index.php\/laufen-und-gutes-tun\/","og_site_name":"Rot Weiss St.Vit e.V.","article_published_time":"2022-09-09T12:45:17+00:00","article_modified_time":"2022-09-27T18:54:08+00:00","og_image":[{"width":1920,"height":2560,"url":"https:\/\/rwsv.de\/wp-content\/uploads\/2022\/09\/Laeufer-scaled.jpg","type":"image\/jpeg"}],"author":"admin","twitter_card":"summary_large_image","twitter_misc":{"Verfasst von":"admin","Gesch\u00e4tzte Lesezeit":"1\u00a0Minute"},"schema":{"@context":"https:\/\/schema.org","@graph":[{"@type":"Article","@id":"https:\/\/rwsv.de\/index.php\/laufen-und-gutes-tun\/#article","isPartOf":{"@id":"https:\/\/rwsv.de\/index.php\/laufen-und-gutes-tun\/"},"author":{"name":"admin","@id":"https:\/\/rwsv.de\/#\/schema\/person\/6ff376bc16deeba92cf9ca9991c1147f"},"headline":"Laufen und Gutes tun","datePublished":"2022-09-09T12:45:17+00:00","dateModified":"2022-09-27T18:54:08+00:00","mainEntityOfPage":{"@id":"https:\/\/rwsv.de\/index.php\/laufen-und-gutes-tun\/"},"wordCount":38,"publisher":{"@id":"https:\/\/rwsv.de\/#organization"},"image":{"@id":"https:\/\/rwsv.de\/index.php\/laufen-und-gutes-tun\/#primaryimage"},"thumbnailUrl":"https:\/\/rwsv.de\/wp-content\/uploads\/2022\/09\/Laeufer-scaled.jpg","articleSection":["Homepage News","News"],"inLanguage":"de"},{"@type":"WebPage","@id":"https:\/\/rwsv.de\/index.php\/laufen-und-gutes-tun\/","url":"https:\/\/rwsv.de\/index.php\/laufen-und-gutes-tun\/","name":"Laufen und Gutes tun - Rot Weiss St.Vit e.V.","isPartOf":{"@id":"https:\/\/rwsv.de\/#website"},"primaryImageOfPage":{"@id":"https:\/\/rwsv.de\/index.php\/laufen-und-gutes-tun\/#primaryimage"},"image":{"@id":"https:\/\/rwsv.de\/index.php\/laufen-und-gutes-tun\/#primaryimage"},"thumbnailUrl":"https:\/\/rwsv.de\/wp-content\/uploads\/2022\/09\/Laeufer-scaled.jpg","datePublished":"2022-09-09T12:45:17+00:00","dateModified":"2022-09-27T18:54:08+00:00","breadcrumb":{"@id":"https:\/\/rwsv.de\/index.php\/laufen-und-gutes-tun\/#breadcrumb"},"inLanguage":"de","potentialAction":[{"@type":"ReadAction","target":["https:\/\/rwsv.de\/index.php\/laufen-und-gutes-tun\/"]}]},{"@type":"ImageObject","inLanguage":"de","@id":"https:\/\/rwsv.de\/index.php\/laufen-und-gutes-tun\/#primaryimage","url":"https:\/\/rwsv.de\/wp-content\/uploads\/2022\/09\/Laeufer-scaled.jpg","contentUrl":"https:\/\/rwsv.de\/wp-content\/uploads\/2022\/09\/Laeufer-scaled.jpg","width":1920,"height":2560,"caption":"Die L\u00e4ufer der 1. Mannschaft"},{"@type":"BreadcrumbList","@id":"https:\/\/rwsv.de\/index.php\/laufen-und-gutes-tun\/#breadcrumb","itemListElement":[{"@type":"ListItem","position":1,"name":"Startseite","item":"https:\/\/rwsv.de\/"},{"@type":"ListItem","position":2,"name":"Laufen und Gutes tun"}]},{"@type":"WebSite","@id":"https:\/\/rwsv.de\/#website","url":"https:\/\/rwsv.de\/","name":"Rot Weiss St.Vit e.V.","description":"Fu\u00dfballverein","publisher":{"@id":"https:\/\/rwsv.de\/#organization"},"potentialAction":[{"@type":"SearchAction","target":{"@type":"EntryPoint","urlTemplate":"https:\/\/rwsv.de\/?s={search_term_string}"},"query-input":{"@type":"PropertyValueSpecification","valueRequired":true,"valueName":"search_term_string"}}],"inLanguage":"de"},{"@type":"Organization","@id":"https:\/\/rwsv.de\/#organization","name":"Rot Weiss St.Vit e.V.","url":"https:\/\/rwsv.de\/","logo":{"@type":"ImageObject","inLanguage":"de","@id":"https:\/\/rwsv.de\/#\/schema\/logo\/image\/","url":"https:\/\/rwsv.de\/wp-content\/uploads\/2022\/08\/LogoRWSt-removebg-preview.png","contentUrl":"https:\/\/rwsv.de\/wp-content\/uploads\/2022\/08\/LogoRWSt-removebg-preview.png","width":468,"height":533,"caption":"Rot Weiss St.Vit e.V."},"image":{"@id":"https:\/\/rwsv.de\/#\/schema\/logo\/image\/"}},{"@type":"Person","@id":"https:\/\/rwsv.de\/#\/schema\/person\/6ff376bc16deeba92cf9ca9991c1147f","name":"admin","image":{"@type":"ImageObject","inLanguage":"de","@id":"https:\/\/secure.gravatar.com\/avatar\/d7085873086ddf2beb8bdd39efbc90353533a7cf53d6611be577a91e7484e879?s=96&d=mm&r=g","url":"https:\/\/secure.gravatar.com\/avatar\/d7085873086ddf2beb8bdd39efbc90353533a7cf53d6611be577a91e7484e879?s=96&d=mm&r=g","contentUrl":"https:\/\/secure.gravatar.com\/avatar\/d7085873086ddf2beb8bdd39efbc90353533a7cf53d6611be577a91e7484e879?s=96&d=mm&r=g","caption":"admin"},"sameAs":["https:\/\/rwsv.de"],"url":"https:\/\/rwsv.de\/index.php\/author\/siede\/"}]}},"rttpg_featured_image_url":{"full":["https:\/\/rwsv.de\/wp-content\/uploads\/2022\/09\/Laeufer-scaled.jpg",1920,2560,false],"landscape":["https:\/\/rwsv.de\/wp-content\/uploads\/2022\/09\/Laeufer-scaled.jpg",1920,2560,false],"portraits":["https:\/\/rwsv.de\/wp-content\/uploads\/2022\/09\/Laeufer-scaled.jpg",1920,2560,false],"thumbnail":["https:\/\/rwsv.de\/wp-content\/uploads\/2022\/09\/Laeufer-150x150.jpg",150,150,true],"medium":["https:\/\/rwsv.de\/wp-content\/uploads\/2022\/09\/Laeufer-225x300.jpg",225,300,true],"large":["https:\/\/rwsv.de\/wp-content\/uploads\/2022\/09\/Laeufer-768x1024.jpg",768,1024,true],"1536x1536":["https:\/\/rwsv.de\/wp-content\/uploads\/2022\/09\/Laeufer-1152x1536.jpg",1152,1536,true],"2048x2048":["https:\/\/rwsv.de\/wp-content\/uploads\/2022\/09\/Laeufer-1536x2048.jpg",1536,2048,true]},"rttpg_author":{"display_name":"admin","author_link":"https:\/\/rwsv.de\/index.php\/author\/siede\/"},"rttpg_comment":0,"rttpg_category":"<a href=\"https:\/\/rwsv.de\/index.php\/category\/homepage-news\/\" rel=\"category tag\">Homepage News<\/a> <a href=\"https:\/\/rwsv.de\/index.php\/category\/news\/\" rel=\"category tag\">News<\/a>","rttpg_excerpt":"F\u00fcr Rot-Weiss St.Vit nahmen von unserer 1. Mannschaft am diesj\u00e4hrigen Lauf teil...","_links":{"self":[{"href":"https:\/\/rwsv.de\/index.php\/wp-json\/wp\/v2\/posts\/1873","targetHints":{"allow":["GET"]}}],"collection":[{"href":"https:\/\/rwsv.de\/index.php\/wp-json\/wp\/v2\/posts"}],"about":[{"href":"https:\/\/rwsv.de\/index.php\/wp-json\/wp\/v2\/types\/post"}],"author":[{"embeddable":true,"href":"https:\/\/rwsv.de\/index.php\/wp-json\/wp\/v2\/users\/1"}],"replies":[{"embeddable":true,"href":"https:\/\/rwsv.de\/index.php\/wp-json\/wp\/v2\/comments?post=1873"}],"version-history":[{"count":44,"href":"https:\/\/rwsv.de\/index.php\/wp-json\/wp\/v2\/posts\/1873\/revisions"}],"predecessor-version":[{"id":2085,"href":"https:\/\/rwsv.de\/index.php\/wp-json\/wp\/v2\/posts\/1873\/revisions\/2085"}],"wp:featuredmedia":[{"embeddable":true,"href":"https:\/\/rwsv.de\/index.php\/wp-json\/wp\/v2\/media\/1745"}],"wp:attachment":[{"href":"https:\/\/rwsv.de\/index.php\/wp-json\/wp\/v2\/media?parent=1873"}],"wp:term":[{"taxonomy":"category","embeddable":true,"href":"https:\/\/rwsv.de\/index.php\/wp-json\/wp\/v2\/categories?post=1873"},{"taxonomy":"post_tag","embeddable":true,"href":"https:\/\/rwsv.de\/index.php\/wp-json\/wp\/v2\/tags?post=1873"}],"curies":[{"name":"wp","href":"https:\/\/api.w.org\/{rel}","templated":true}]}}